{"id":6150,"date":"2026-04-21T11:01:22","date_gmt":"2026-04-21T09:01:22","guid":{"rendered":"https:\/\/cyclo.org\/?p=6150"},"modified":"2026-04-21T11:50:54","modified_gmt":"2026-04-21T09:50:54","slug":"une-carte-qui-integre-tous-les-services-velo-a-bruxelles","status":"publish","type":"post","link":"https:\/\/cyclo.org\/nl\/une-carte-qui-integre-tous-les-services-velo-a-bruxelles\/","title":{"rendered":"Een kaart met daarop alle fietsdiensten in Brussel"},"content":{"rendered":"<div data-elementor-type=\"wp-post\" data-elementor-id=\"6150\" class=\"elementor elementor-6150\" data-elementor-post-type=\"post\">\n\t\t\t\t<div class=\"elementor-element elementor-element-6c5d0fd e-flex e-con-boxed e-con e-parent\" data-id=\"6c5d0fd\" data-element_type=\"container\" data-e-type=\"container\">\n\t\t\t\t\t<div class=\"e-con-inner\">\n\t\t\t\t<div class=\"elementor-element elementor-element-ab01521 elementor-widget elementor-widget-spacer\" data-id=\"ab01521\" data-element_type=\"widget\" data-e-type=\"widget\" data-widget_type=\"spacer.default\">\n\t\t\t\t\t\t\t<div class=\"elementor-spacer\">\n\t\t\t<div class=\"elementor-spacer-inner\"><\/div>\n\t\t<\/div>\n\t\t\t\t\t\t<\/div>\n\t\t\t\t\t<\/div>\n\t\t\t\t<\/div>\n\t\t<div class=\"elementor-element elementor-element-bc6b5c6 e-grid e-con-boxed e-con e-parent\" data-id=\"bc6b5c6\" data-element_type=\"container\" data-e-type=\"container\">\n\t\t\t\t\t<div class=\"e-con-inner\">\n\t\t<div class=\"elementor-element elementor-element-1f17b20 e-con-full e-flex e-con e-child\" data-id=\"1f17b20\" data-element_type=\"container\" data-e-type=\"container\">\n\t\t<div class=\"elementor-element elementor-element-4483e4e e-con-full e-flex e-con e-child\" data-id=\"4483e4e\" data-element_type=\"container\" data-e-type=\"container\">\n\t\t\t\t<div class=\"elementor-element elementor-element-1c0e464 elementor-widget elementor-widget-text-editor\" data-id=\"1c0e464\" data-element_type=\"widget\" data-e-type=\"widget\" data-widget_type=\"text-editor.default\">\n\t\t\t\t\t\t\t\t\t<p data-olk-copy-source=\"MailCompose\"><strong>Was je fan van onze kaart met fietsdiensten in Brussel? Goed nieuws: Brussel Mobiliteit neemt nu het beheer over en tilt ze naar een hoger niveau!<\/strong><\/p>\t\t\t\t\t\t\t\t<\/div>\n\t\t<div class=\"elementor-element elementor-element-22aa7e3 e-con-full e-flex e-con e-child\" data-id=\"22aa7e3\" data-element_type=\"container\" data-e-type=\"container\">\n\t\t<div class=\"elementor-element elementor-element-1b0b5ef e-con-full e-flex e-con e-child\" data-id=\"1b0b5ef\" data-element_type=\"container\" data-e-type=\"container\">\n\t\t\t\t<div class=\"elementor-element elementor-element-53c68e3 elementor-widget elementor-widget-text-editor\" data-id=\"53c68e3\" data-element_type=\"widget\" data-e-type=\"widget\" data-widget_type=\"text-editor.default\">\n\t\t\t\t\t\t\t\t\t<p>Of je nu op zoek bent naar een betrouwbare fietshersteller, een tweedehandsfiets wilt kopen of je aan zelfvertrouwen wilt winnen in het verkeer; deze kaart helpt je om gemakkelijk de juiste en dichtsbijzijnde dienst te vinden.\u00a0<\/p>\t\t\t\t\t\t\t\t<\/div>\n\t\t\t\t<\/div>\n\t\t\t\t<div class=\"elementor-element elementor-element-b1d5a11 elementor-widget elementor-widget-text-editor\" data-id=\"b1d5a11\" data-element_type=\"widget\" data-e-type=\"widget\" data-widget_type=\"text-editor.default\">\n\t\t\t\t\t\t\t\t\t<div><span style=\"letter-spacing: -0.2px;\">Kortom: de fiets is overal, en dat maakt ons blij!<\/span><\/div><div>\u00a0<\/div><div>PS: Help de kaart up\u2011to\u2011date houden door een eigen account aan te maken en aanpassingen of nieuwe ontdekkingen voor te stellen!<\/div>\t\t\t\t\t\t\t\t<\/div>\n\t\t\t\t<div class=\"elementor-element elementor-element-66f4da8 elementor-widget elementor-widget-spacer\" data-id=\"66f4da8\" data-element_type=\"widget\" data-e-type=\"widget\" data-widget_type=\"spacer.default\">\n\t\t\t\t\t\t\t<div class=\"elementor-spacer\">\n\t\t\t<div class=\"elementor-spacer-inner\"><\/div>\n\t\t<\/div>\n\t\t\t\t\t\t<\/div>\n\t\t\t\t<div class=\"elementor-element elementor-element-3865944 elementor-widget elementor-widget-button\" data-id=\"3865944\" data-element_type=\"widget\" data-e-type=\"widget\" data-widget_type=\"button.default\">\n\t\t\t\t\t\t\t\t\t\t<a class=\"elementor-button elementor-button-link elementor-size-sm\" href=\"https:\/\/be.brussels\/nl\/transport-mobiliteit\/voetgangers-en-fietsen\/fietsdiensten\" target=\"_blank\" rel=\"noopener noreferrer nofollow\">\n\t\t\t\t\t\t<span class=\"elementor-button-content-wrapper\">\n\t\t\t\t\t\t\t\t\t<span class=\"elementor-button-text\">naar de kaart<\/span>\n\t\t\t\t\t<\/span>\n\t\t\t\t\t<\/a>\n\t\t\t\t\t\t\t\t<\/div>\n\t\t\t\t<\/div>\n\t\t\t\t<\/div>\n\t\t\t\t<\/div>\n\t\t<div class=\"elementor-element elementor-element-175d1ec e-con-full e-flex e-con e-child\" data-id=\"175d1ec\" data-element_type=\"container\" data-e-type=\"container\">\n\t\t\t\t<div class=\"elementor-element elementor-element-bbf8797 elementor-widget elementor-widget-text-editor\" data-id=\"bbf8797\" data-element_type=\"widget\" data-e-type=\"widget\" data-widget_type=\"text-editor.default\">\n\t\t\t\t\t\t\t\t\t<p>De gedetailleerde lijst van categorie\u00ebn is indrukwekkend:<\/p><ul><li><p class=\"translation-block\"><strong>Leren fietsen<\/strong>: Verkeer voor volwassenen, Beginner volwassene, Kind, Ouder-kind<\/p><\/li><li><p class=\"translation-block\"><strong>Parkeren<\/strong>: Grote parkings, Parking aan een station<\/p><\/li><li><p class=\"translation-block\"><strong>Huren<\/strong>: Leasing, Logistiek, Middel-\/langetermijn, Aangepaste fiets, Familiefiets, Deelfiets, Kinderfiets<\/p><\/li><li><p class=\"translation-block\"><strong>Kopen<\/strong>: Nieuw, Tweedehands<\/p><\/li><li><p class=\"translation-block\"><strong>Verkopen<\/strong>: Doneren, Doorverkopen<\/p><\/li><li><p class=\"translation-block\"><strong>Herstellen<\/strong>: Fietsatelier, DIY, Opleiding, Dienst na verkoop<\/p><\/li><li><p class=\"translation-block\"><strong>Uitstappen<\/strong>: Fietsclub, Ontdekking, Optochten, Toerisme, Reizen<\/p><\/li><li><p class=\"translation-block\"><strong>Inclusief fietsen<\/strong>: Activiteit in gekozen niet\u2011gemengde groep, Kind, Familie, Personen met specifieke noden, Personen met een beperking<\/p><\/li><li><p class=\"translation-block\"><strong>Levering en transport<\/strong>: Bedrijven en organisaties, Particulieren<\/p><\/li><li><p><strong>Middenveldorganisaties<\/strong><\/p><\/li><\/ul>\t\t\t\t\t\t\t\t<\/div>\n\t\t\t\t<\/div>\n\t\t\t\t\t<\/div>\n\t\t\t\t<\/div>\n\t\t\t\t<\/div>","protected":false},"excerpt":{"rendered":"<p>Vous aimiez notre carte des services v\u00e9lo \u00e0 Bruxelles ? Bonne nouvelle : Bruxelles Mobilit\u00e9 en reprend la gestion et l\u2019a propuls\u00e9e au niveau sup\u00e9rieur. Que vous soyez \u00e0 la recherche d\u2019un r\u00e9parateur fiable, que vous souhaitiez acheter un v\u00e9lo ou devenir plus confiant lorsque vous prenez la route \u00e0 v\u00e9lo, cette carte vous aidera [&hellip;]<\/p>\n","protected":false},"author":8,"featured_media":0,"comment_status":"closed","ping_status":"closed","sticky":false,"template":"","format":"standard","meta":{"_acf_changed":false,"footnotes":""},"categories":[1],"tags":[],"categorie-agenda":[],"categorie-dactu":[],"type-darticle":[43],"class_list":["post-6150","post","type-post","status-publish","format-standard","hentry","category-non-categorise","type-darticle-actu"],"acf":[],"yoast_head":"<!-- This site is optimized with the Yoast SEO plugin v27.4 - https:\/\/yoast.com\/product\/yoast-seo-wordpress\/ -->\n<title>Une carte qui int\u00e8gre tous les services v\u00e9lo \u00e0 Bruxelles - CyCLO | r\u00e9pare, forme, r\u00e9emploie et exp\u00e9rimente<\/title>\n<meta name=\"description\" content=\"Avec une \u00e9quipe de m\u00e9canicien\u00b7ne\u00b7s passionn\u00e9\u00b7e\u00b7s et 10 ateliers \u00e9quip\u00e9s pour rendre service \u00e0 tous les v\u00e9los et les cyclistes qui roulent \u00e0 Bruxelles.\" \/>\n<meta name=\"robots\" content=\"index, follow, max-snippet:-1, max-image-preview:large, max-video-preview:-1\" \/>\n<link rel=\"canonical\" href=\"https:\/\/cyclo.org\/nl\/une-carte-qui-integre-tous-les-services-velo-a-bruxelles\/\" \/>\n<meta property=\"og:locale\" content=\"nl_BE\" \/>\n<meta property=\"og:type\" content=\"article\" \/>\n<meta property=\"og:title\" content=\"Une carte qui int\u00e8gre tous les services v\u00e9lo \u00e0 Bruxelles - CyCLO | r\u00e9pare, forme, r\u00e9emploie et exp\u00e9rimente\" \/>\n<meta property=\"og:description\" content=\"Avec une \u00e9quipe de m\u00e9canicien\u00b7ne\u00b7s passionn\u00e9\u00b7e\u00b7s et 10 ateliers \u00e9quip\u00e9s pour rendre service \u00e0 tous les v\u00e9los et les cyclistes qui roulent \u00e0 Bruxelles.\" \/>\n<meta property=\"og:url\" content=\"https:\/\/cyclo.org\/nl\/une-carte-qui-integre-tous-les-services-velo-a-bruxelles\/\" \/>\n<meta property=\"og:site_name\" content=\"CyCLO | r\u00e9pare, forme, r\u00e9emploie et exp\u00e9rimente\" \/>\n<meta property=\"article:published_time\" content=\"2026-04-21T09:01:22+00:00\" \/>\n<meta property=\"article:modified_time\" content=\"2026-04-21T09:50:54+00:00\" \/>\n<meta name=\"author\" content=\"Caroline\" \/>\n<meta name=\"twitter:card\" content=\"summary_large_image\" \/>\n<meta name=\"twitter:label1\" content=\"Geschreven door\" \/>\n\t<meta name=\"twitter:data1\" content=\"Caroline\" \/>\n\t<meta name=\"twitter:label2\" content=\"Geschatte leestijd\" \/>\n\t<meta name=\"twitter:data2\" content=\"1 minuut\" \/>\n<script type=\"application\/ld+json\" class=\"yoast-schema-graph\">{\"@context\":\"https:\\\/\\\/schema.org\",\"@graph\":[{\"@type\":\"Article\",\"@id\":\"https:\\\/\\\/cyclo.org\\\/une-carte-qui-integre-tous-les-services-velo-a-bruxelles\\\/#article\",\"isPartOf\":{\"@id\":\"https:\\\/\\\/cyclo.org\\\/une-carte-qui-integre-tous-les-services-velo-a-bruxelles\\\/\"},\"author\":{\"name\":\"Caroline\",\"@id\":\"https:\\\/\\\/cyclo.org\\\/#\\\/schema\\\/person\\\/e663be9500fb187110e0a9eb249d238e\"},\"headline\":\"Une carte qui int\u00e8gre tous les services v\u00e9lo \u00e0 Bruxelles\",\"datePublished\":\"2026-04-21T09:01:22+00:00\",\"dateModified\":\"2026-04-21T09:50:54+00:00\",\"mainEntityOfPage\":{\"@id\":\"https:\\\/\\\/cyclo.org\\\/une-carte-qui-integre-tous-les-services-velo-a-bruxelles\\\/\"},\"wordCount\":214,\"publisher\":{\"@id\":\"https:\\\/\\\/cyclo.org\\\/#organization\"},\"articleSection\":[\"Non cat\u00e9goris\u00e9\"],\"inLanguage\":\"nl-BE\"},{\"@type\":\"WebPage\",\"@id\":\"https:\\\/\\\/cyclo.org\\\/une-carte-qui-integre-tous-les-services-velo-a-bruxelles\\\/\",\"url\":\"https:\\\/\\\/cyclo.org\\\/une-carte-qui-integre-tous-les-services-velo-a-bruxelles\\\/\",\"name\":\"Une carte qui int\u00e8gre tous les services v\u00e9lo \u00e0 Bruxelles - CyCLO | r\u00e9pare, forme, r\u00e9emploie et exp\u00e9rimente\",\"isPartOf\":{\"@id\":\"https:\\\/\\\/cyclo.org\\\/#website\"},\"datePublished\":\"2026-04-21T09:01:22+00:00\",\"dateModified\":\"2026-04-21T09:50:54+00:00\",\"description\":\"Avec une \u00e9quipe de m\u00e9canicien\u00b7ne\u00b7s passionn\u00e9\u00b7e\u00b7s et 10 ateliers \u00e9quip\u00e9s pour rendre service \u00e0 tous les v\u00e9los et les cyclistes qui roulent \u00e0 Bruxelles.\",\"breadcrumb\":{\"@id\":\"https:\\\/\\\/cyclo.org\\\/une-carte-qui-integre-tous-les-services-velo-a-bruxelles\\\/#breadcrumb\"},\"inLanguage\":\"nl-BE\",\"potentialAction\":[{\"@type\":\"ReadAction\",\"target\":[\"https:\\\/\\\/cyclo.org\\\/une-carte-qui-integre-tous-les-services-velo-a-bruxelles\\\/\"]}]},{\"@type\":\"BreadcrumbList\",\"@id\":\"https:\\\/\\\/cyclo.org\\\/une-carte-qui-integre-tous-les-services-velo-a-bruxelles\\\/#breadcrumb\",\"itemListElement\":[{\"@type\":\"ListItem\",\"position\":1,\"name\":\"Home\",\"item\":\"https:\\\/\\\/cyclo.org\\\/\"},{\"@type\":\"ListItem\",\"position\":2,\"name\":\"Une carte qui int\u00e8gre tous les services v\u00e9lo \u00e0 Bruxelles\"}]},{\"@type\":\"WebSite\",\"@id\":\"https:\\\/\\\/cyclo.org\\\/#website\",\"url\":\"https:\\\/\\\/cyclo.org\\\/\",\"name\":\"CyCLO | r\u00e9pare, forme, r\u00e9emploie et exp\u00e9rimente\",\"description\":\"r\u00e9pare, forme, r\u00e9emploie et exp\u00e9rimente\",\"publisher\":{\"@id\":\"https:\\\/\\\/cyclo.org\\\/#organization\"},\"potentialAction\":[{\"@type\":\"SearchAction\",\"target\":{\"@type\":\"EntryPoint\",\"urlTemplate\":\"https:\\\/\\\/cyclo.org\\\/?s={search_term_string}\"},\"query-input\":{\"@type\":\"PropertyValueSpecification\",\"valueRequired\":true,\"valueName\":\"search_term_string\"}}],\"inLanguage\":\"nl-BE\"},{\"@type\":\"Organization\",\"@id\":\"https:\\\/\\\/cyclo.org\\\/#organization\",\"name\":\"CyCLO\",\"url\":\"https:\\\/\\\/cyclo.org\\\/\",\"logo\":{\"@type\":\"ImageObject\",\"inLanguage\":\"nl-BE\",\"@id\":\"https:\\\/\\\/cyclo.org\\\/#\\\/schema\\\/logo\\\/image\\\/\",\"url\":\"https:\\\/\\\/cyclo.org\\\/wp-content\\\/uploads\\\/2025\\\/09\\\/logo-cyclo.webp\",\"contentUrl\":\"https:\\\/\\\/cyclo.org\\\/wp-content\\\/uploads\\\/2025\\\/09\\\/logo-cyclo.webp\",\"width\":161,\"height\":48,\"caption\":\"CyCLO\"},\"image\":{\"@id\":\"https:\\\/\\\/cyclo.org\\\/#\\\/schema\\\/logo\\\/image\\\/\"}},{\"@type\":\"Person\",\"@id\":\"https:\\\/\\\/cyclo.org\\\/#\\\/schema\\\/person\\\/e663be9500fb187110e0a9eb249d238e\",\"name\":\"Caroline\",\"image\":{\"@type\":\"ImageObject\",\"inLanguage\":\"nl-BE\",\"@id\":\"https:\\\/\\\/secure.gravatar.com\\\/avatar\\\/e776bfc711b4acfae6d25d97c1a5c721fd39bfac6b349c82724717597e3b8f71?s=96&d=mm&r=g\",\"url\":\"https:\\\/\\\/secure.gravatar.com\\\/avatar\\\/e776bfc711b4acfae6d25d97c1a5c721fd39bfac6b349c82724717597e3b8f71?s=96&d=mm&r=g\",\"contentUrl\":\"https:\\\/\\\/secure.gravatar.com\\\/avatar\\\/e776bfc711b4acfae6d25d97c1a5c721fd39bfac6b349c82724717597e3b8f71?s=96&d=mm&r=g\",\"caption\":\"Caroline\"},\"url\":\"https:\\\/\\\/cyclo.org\\\/nl\\\/author\\\/caroline\\\/\"}]}<\/script>\n<!-- \/ Yoast SEO plugin. -->","yoast_head_json":{"title":"Une carte qui int\u00e8gre tous les services v\u00e9lo \u00e0 Bruxelles - CyCLO | r\u00e9pare, forme, r\u00e9emploie et exp\u00e9rimente","description":"Met een team van gepassioneerde fietsmekaniekers en 10 ateliers staat CyCLO ten dienste van alle Brusselse fietsers.","robots":{"index":"index","follow":"follow","max-snippet":"max-snippet:-1","max-image-preview":"max-image-preview:large","max-video-preview":"max-video-preview:-1"},"canonical":"https:\/\/cyclo.org\/nl\/une-carte-qui-integre-tous-les-services-velo-a-bruxelles\/","og_locale":"nl_BE","og_type":"article","og_title":"Une carte qui int\u00e8gre tous les services v\u00e9lo \u00e0 Bruxelles - CyCLO | r\u00e9pare, forme, r\u00e9emploie et exp\u00e9rimente","og_description":"Avec une \u00e9quipe de m\u00e9canicien\u00b7ne\u00b7s passionn\u00e9\u00b7e\u00b7s et 10 ateliers \u00e9quip\u00e9s pour rendre service \u00e0 tous les v\u00e9los et les cyclistes qui roulent \u00e0 Bruxelles.","og_url":"https:\/\/cyclo.org\/nl\/une-carte-qui-integre-tous-les-services-velo-a-bruxelles\/","og_site_name":"CyCLO | r\u00e9pare, forme, r\u00e9emploie et exp\u00e9rimente","article_published_time":"2026-04-21T09:01:22+00:00","article_modified_time":"2026-04-21T09:50:54+00:00","author":"Caroline","twitter_card":"summary_large_image","twitter_misc":{"Geschreven door":"Caroline","Geschatte leestijd":"1 minuut"},"schema":{"@context":"https:\/\/schema.org","@graph":[{"@type":"Article","@id":"https:\/\/cyclo.org\/une-carte-qui-integre-tous-les-services-velo-a-bruxelles\/#article","isPartOf":{"@id":"https:\/\/cyclo.org\/une-carte-qui-integre-tous-les-services-velo-a-bruxelles\/"},"author":{"name":"Caroline","@id":"https:\/\/cyclo.org\/#\/schema\/person\/e663be9500fb187110e0a9eb249d238e"},"headline":"Une carte qui int\u00e8gre tous les services v\u00e9lo \u00e0 Bruxelles","datePublished":"2026-04-21T09:01:22+00:00","dateModified":"2026-04-21T09:50:54+00:00","mainEntityOfPage":{"@id":"https:\/\/cyclo.org\/une-carte-qui-integre-tous-les-services-velo-a-bruxelles\/"},"wordCount":214,"publisher":{"@id":"https:\/\/cyclo.org\/#organization"},"articleSection":["Non cat\u00e9goris\u00e9"],"inLanguage":"nl-BE"},{"@type":"WebPage","@id":"https:\/\/cyclo.org\/une-carte-qui-integre-tous-les-services-velo-a-bruxelles\/","url":"https:\/\/cyclo.org\/une-carte-qui-integre-tous-les-services-velo-a-bruxelles\/","name":"Une carte qui int\u00e8gre tous les services v\u00e9lo \u00e0 Bruxelles - CyCLO | r\u00e9pare, forme, r\u00e9emploie et exp\u00e9rimente","isPartOf":{"@id":"https:\/\/cyclo.org\/#website"},"datePublished":"2026-04-21T09:01:22+00:00","dateModified":"2026-04-21T09:50:54+00:00","description":"Met een team van gepassioneerde fietsmekaniekers en 10 ateliers staat CyCLO ten dienste van alle Brusselse fietsers.","breadcrumb":{"@id":"https:\/\/cyclo.org\/une-carte-qui-integre-tous-les-services-velo-a-bruxelles\/#breadcrumb"},"inLanguage":"nl-BE","potentialAction":[{"@type":"ReadAction","target":["https:\/\/cyclo.org\/une-carte-qui-integre-tous-les-services-velo-a-bruxelles\/"]}]},{"@type":"BreadcrumbList","@id":"https:\/\/cyclo.org\/une-carte-qui-integre-tous-les-services-velo-a-bruxelles\/#breadcrumb","itemListElement":[{"@type":"ListItem","position":1,"name":"Home","item":"https:\/\/cyclo.org\/"},{"@type":"ListItem","position":2,"name":"Une carte qui int\u00e8gre tous les services v\u00e9lo \u00e0 Bruxelles"}]},{"@type":"WebSite","@id":"https:\/\/cyclo.org\/#website","url":"https:\/\/cyclo.org\/","name":"CyCLO | r\u00e9pare, forme, r\u00e9emploie et exp\u00e9rimente","description":"r\u00e9pare, forme, r\u00e9emploie et exp\u00e9rimente","publisher":{"@id":"https:\/\/cyclo.org\/#organization"},"potentialAction":[{"@type":"SearchAction","target":{"@type":"EntryPoint","urlTemplate":"https:\/\/cyclo.org\/?s={search_term_string}"},"query-input":{"@type":"PropertyValueSpecification","valueRequired":true,"valueName":"search_term_string"}}],"inLanguage":"nl-BE"},{"@type":"Organization","@id":"https:\/\/cyclo.org\/#organization","name":"CyCLO","url":"https:\/\/cyclo.org\/","logo":{"@type":"ImageObject","inLanguage":"nl-BE","@id":"https:\/\/cyclo.org\/#\/schema\/logo\/image\/","url":"https:\/\/cyclo.org\/wp-content\/uploads\/2025\/09\/logo-cyclo.webp","contentUrl":"https:\/\/cyclo.org\/wp-content\/uploads\/2025\/09\/logo-cyclo.webp","width":161,"height":48,"caption":"CyCLO"},"image":{"@id":"https:\/\/cyclo.org\/#\/schema\/logo\/image\/"}},{"@type":"Person","@id":"https:\/\/cyclo.org\/#\/schema\/person\/e663be9500fb187110e0a9eb249d238e","name":"Caroline","image":{"@type":"ImageObject","inLanguage":"nl-BE","@id":"https:\/\/secure.gravatar.com\/avatar\/e776bfc711b4acfae6d25d97c1a5c721fd39bfac6b349c82724717597e3b8f71?s=96&d=mm&r=g","url":"https:\/\/secure.gravatar.com\/avatar\/e776bfc711b4acfae6d25d97c1a5c721fd39bfac6b349c82724717597e3b8f71?s=96&d=mm&r=g","contentUrl":"https:\/\/secure.gravatar.com\/avatar\/e776bfc711b4acfae6d25d97c1a5c721fd39bfac6b349c82724717597e3b8f71?s=96&d=mm&r=g","caption":"Caroline"},"url":"https:\/\/cyclo.org\/nl\/author\/caroline\/"}]}},"_links":{"self":[{"href":"https:\/\/cyclo.org\/nl\/wp-json\/wp\/v2\/posts\/6150","targetHints":{"allow":["GET"]}}],"collection":[{"href":"https:\/\/cyclo.org\/nl\/wp-json\/wp\/v2\/posts"}],"about":[{"href":"https:\/\/cyclo.org\/nl\/wp-json\/wp\/v2\/types\/post"}],"author":[{"embeddable":true,"href":"https:\/\/cyclo.org\/nl\/wp-json\/wp\/v2\/users\/8"}],"replies":[{"embeddable":true,"href":"https:\/\/cyclo.org\/nl\/wp-json\/wp\/v2\/comments?post=6150"}],"version-history":[{"count":52,"href":"https:\/\/cyclo.org\/nl\/wp-json\/wp\/v2\/posts\/6150\/revisions"}],"predecessor-version":[{"id":6211,"href":"https:\/\/cyclo.org\/nl\/wp-json\/wp\/v2\/posts\/6150\/revisions\/6211"}],"wp:attachment":[{"href":"https:\/\/cyclo.org\/nl\/wp-json\/wp\/v2\/media?parent=6150"}],"wp:term":[{"taxonomy":"category","embeddable":true,"href":"https:\/\/cyclo.org\/nl\/wp-json\/wp\/v2\/categories?post=6150"},{"taxonomy":"post_tag","embeddable":true,"href":"https:\/\/cyclo.org\/nl\/wp-json\/wp\/v2\/tags?post=6150"},{"taxonomy":"categorie-agenda","embeddable":true,"href":"https:\/\/cyclo.org\/nl\/wp-json\/wp\/v2\/categorie-agenda?post=6150"},{"taxonomy":"categorie-dactu","embeddable":true,"href":"https:\/\/cyclo.org\/nl\/wp-json\/wp\/v2\/categorie-dactu?post=6150"},{"taxonomy":"type-darticle","embeddable":true,"href":"https:\/\/cyclo.org\/nl\/wp-json\/wp\/v2\/type-darticle?post=6150"}],"curies":[{"name":"wp","href":"https:\/\/api.w.org\/{rel}","templated":true}]}}